{"id":1056,"date":"2022-08-25T14:29:46","date_gmt":"2022-08-25T12:29:46","guid":{"rendered":"https:\/\/eidel.no\/en\/?post_type=article&#038;p=1056"},"modified":"2022-08-25T20:16:15","modified_gmt":"2022-08-25T18:16:15","slug":"new-employees-summer-2022","status":"publish","type":"article","link":"https:\/\/eidel.no\/en\/articles\/new-employees-summer-2022\/","title":{"rendered":"New employees, summer 2022"},"content":{"rendered":"\n<p>This summer, EIDEL got four new employees! <\/p>\n\n\n\n<figure class=\"wp-block-image size-large is-resized\"><img loading=\"lazy\" decoding=\"async\" src=\"https:\/\/eidel.no\/en\/wp-content\/uploads\/sites\/2\/2022\/08\/IMG_1831_small-1024x683.jpg\" alt=\"\" class=\"wp-image-1058\" width=\"511\" height=\"341\" srcset=\"https:\/\/eidel.no\/en\/wp-content\/uploads\/sites\/2\/2022\/08\/IMG_1831_small-1024x683.jpg 1024w, https:\/\/eidel.no\/en\/wp-content\/uploads\/sites\/2\/2022\/08\/IMG_1831_small-300x200.jpg 300w, https:\/\/eidel.no\/en\/wp-content\/uploads\/sites\/2\/2022\/08\/IMG_1831_small-768x512.jpg 768w, https:\/\/eidel.no\/en\/wp-content\/uploads\/sites\/2\/2022\/08\/IMG_1831_small-1536x1024.jpg 1536w, https:\/\/eidel.no\/en\/wp-content\/uploads\/sites\/2\/2022\/08\/IMG_1831_small-2048x1365.jpg 2048w, https:\/\/eidel.no\/en\/wp-content\/uploads\/sites\/2\/2022\/08\/IMG_1831_small-2000x1333.jpg 2000w\" sizes=\"auto, (max-width: 511px) 100vw, 511px\" \/><figcaption>Karen Dukene and Yngve Lien<\/figcaption><\/figure>\n\n\n\n<p>Karen Dukene started at EIDEL in May as purchasing and production manager. Karen comes from Norwegian Special Mission where she has worked in production and has more than 10 years experience from aviation industry.&nbsp;<\/p>\n\n\n\n<p>Yngve Lien started at EIDEL as System Architect in August. He has 20 years&#8217; experience in aerospace, and has worked as an engineer and project manager for the Norwegian Armed Forces, Kongsberg Defense &amp; Aerospace and the European Space Agency. He is trained as a physicist at Imperial College in London, and has a Ph.d. in laser physics from the University of Leiden. At Eidel, he will, among other things, contribute expertise in product development, aerospace and systems engineering.&nbsp;<\/p>\n\n\n\n<div class=\"wp-block-image\"><figure class=\"alignright size-large is-resized\"><img loading=\"lazy\" decoding=\"async\" src=\"https:\/\/eidel.no\/en\/wp-content\/uploads\/sites\/2\/2022\/08\/MicrosoftTeams-image-8-1024x1024.jpg\" alt=\"\" class=\"wp-image-1057\" width=\"162\" height=\"162\" srcset=\"https:\/\/eidel.no\/en\/wp-content\/uploads\/sites\/2\/2022\/08\/MicrosoftTeams-image-8-1024x1024.jpg 1024w, https:\/\/eidel.no\/en\/wp-content\/uploads\/sites\/2\/2022\/08\/MicrosoftTeams-image-8-300x300.jpg 300w, https:\/\/eidel.no\/en\/wp-content\/uploads\/sites\/2\/2022\/08\/MicrosoftTeams-image-8-150x150.jpg 150w, https:\/\/eidel.no\/en\/wp-content\/uploads\/sites\/2\/2022\/08\/MicrosoftTeams-image-8-768x768.jpg 768w, https:\/\/eidel.no\/en\/wp-content\/uploads\/sites\/2\/2022\/08\/MicrosoftTeams-image-8-1536x1536.jpg 1536w, https:\/\/eidel.no\/en\/wp-content\/uploads\/sites\/2\/2022\/08\/MicrosoftTeams-image-8-2048x2048.jpg 2048w, https:\/\/eidel.no\/en\/wp-content\/uploads\/sites\/2\/2022\/08\/MicrosoftTeams-image-8-1700x1700.jpg 1700w\" sizes=\"auto, (max-width: 162px) 100vw, 162px\" \/><figcaption>Elizabeth Dahlen<\/figcaption><\/figure><\/div>\n\n\n\n<p>Elizabeth Dahlen started as project manager in April and has an education in&nbsp;electrical engineering and has background from failways\/railway NOR and Nemko, where she&nbsp;worked as project manager and test engineer.&nbsp;<\/p>\n\n\n\n<p><\/p>\n\n\n\n<p><\/p>\n\n\n\n<div class=\"wp-block-image\"><figure class=\"alignleft size-large is-resized\"><img loading=\"lazy\" decoding=\"async\" src=\"https:\/\/eidel.no\/en\/wp-content\/uploads\/sites\/2\/2022\/08\/IMG_1847_small-1024x683.jpg\" alt=\"\" class=\"wp-image-1059\" width=\"319\" height=\"208\"\/><figcaption>Eivind Kr\u00e5b\u00f8l Gr\u00f8nning<\/figcaption><\/figure><\/div>\n\n\n\n<p>Eivind Kr\u00e5b\u00f8l Gr\u00f8nning started in August working part time on an industry Master. Having recently completed his bachelor&#8217;s degree in Aerospace Engineering at Kingston University London, he\u2019s enrolled in USN\u2019s System Engineering industry Master program. &nbsp;<\/p>\n","protected":false},"excerpt":{"rendered":"<p>This summer, EIDEL got four new employees! Karen Dukene started at EIDEL in May as purchasing and production manager. Karen comes from Norwegian Special Mission where she has worked in production and has more than 10 years experience from aviation industry.&nbsp; Yngve Lien started at EIDEL as System Architect in August. He has 20 years&#8217; [&hellip;]<\/p>\n","protected":false},"author":6,"featured_media":654,"parent":0,"menu_order":0,"comment_status":"open","ping_status":"open","template":"","format":"standard","meta":{"_acf_changed":false,"footnotes":""},"class_list":["post-1056","article","type-article","status-publish","format-standard","has-post-thumbnail","hentry"],"acf":[],"yoast_head":"<!-- This site is optimized with the Yoast SEO plugin v27.2 - https:\/\/yoast.com\/product\/yoast-seo-wordpress\/ -->\n<title>New employees, summer 2022 - Eidel - Engelsk<\/title>\n<meta name=\"robots\" content=\"index, follow, max-snippet:-1, max-image-preview:large, max-video-preview:-1\" \/>\n<link rel=\"canonical\" href=\"https:\/\/eidel.no\/en\/articles\/new-employees-summer-2022\/\" \/>\n<meta property=\"og:locale\" content=\"en_US\" \/>\n<meta property=\"og:type\" content=\"article\" \/>\n<meta property=\"og:title\" content=\"New employees, summer 2022 - Eidel - Engelsk\" \/>\n<meta property=\"og:description\" content=\"This summer, EIDEL got four new employees! Karen Dukene started at EIDEL in May as purchasing and production manager. Karen comes from Norwegian Special Mission where she has worked in production and has more than 10 years experience from aviation industry.&nbsp; Yngve Lien started at EIDEL as System Architect in August. He has 20 years&#8217; [&hellip;]\" \/>\n<meta property=\"og:url\" content=\"https:\/\/eidel.no\/en\/articles\/new-employees-summer-2022\/\" \/>\n<meta property=\"og:site_name\" content=\"Eidel - Engelsk\" \/>\n<meta property=\"article:modified_time\" content=\"2022-08-25T18:16:15+00:00\" \/>\n<meta property=\"og:image\" content=\"https:\/\/eidel.no\/en\/wp-content\/uploads\/sites\/2\/2021\/06\/207402-Eidel-skjerm-edited.jpg\" \/>\n\t<meta property=\"og:image:width\" content=\"2500\" \/>\n\t<meta property=\"og:image:height\" content=\"1563\" \/>\n\t<meta property=\"og:image:type\" content=\"image\/jpeg\" \/>\n<meta name=\"twitter:card\" content=\"summary_large_image\" \/>\n<meta name=\"twitter:label1\" content=\"Est. reading time\" \/>\n\t<meta name=\"twitter:data1\" content=\"1 minute\" \/>\n<script type=\"application\/ld+json\" class=\"yoast-schema-graph\">{\"@context\":\"https:\/\/schema.org\",\"@graph\":[{\"@type\":\"WebPage\",\"@id\":\"https:\/\/eidel.no\/en\/articles\/new-employees-summer-2022\/\",\"url\":\"https:\/\/eidel.no\/en\/articles\/new-employees-summer-2022\/\",\"name\":\"New employees, summer 2022 - Eidel - Engelsk\",\"isPartOf\":{\"@id\":\"https:\/\/eidel.no\/en\/#website\"},\"primaryImageOfPage\":{\"@id\":\"https:\/\/eidel.no\/en\/articles\/new-employees-summer-2022\/#primaryimage\"},\"image\":{\"@id\":\"https:\/\/eidel.no\/en\/articles\/new-employees-summer-2022\/#primaryimage\"},\"thumbnailUrl\":\"https:\/\/eidel.no\/en\/wp-content\/uploads\/sites\/2\/2021\/06\/207402-Eidel-skjerm-edited.jpg\",\"datePublished\":\"2022-08-25T12:29:46+00:00\",\"dateModified\":\"2022-08-25T18:16:15+00:00\",\"breadcrumb\":{\"@id\":\"https:\/\/eidel.no\/en\/articles\/new-employees-summer-2022\/#breadcrumb\"},\"inLanguage\":\"en-US\",\"potentialAction\":[{\"@type\":\"ReadAction\",\"target\":[\"https:\/\/eidel.no\/en\/articles\/new-employees-summer-2022\/\"]}]},{\"@type\":\"ImageObject\",\"inLanguage\":\"en-US\",\"@id\":\"https:\/\/eidel.no\/en\/articles\/new-employees-summer-2022\/#primaryimage\",\"url\":\"https:\/\/eidel.no\/en\/wp-content\/uploads\/sites\/2\/2021\/06\/207402-Eidel-skjerm-edited.jpg\",\"contentUrl\":\"https:\/\/eidel.no\/en\/wp-content\/uploads\/sites\/2\/2021\/06\/207402-Eidel-skjerm-edited.jpg\",\"width\":2500,\"height\":1563,\"caption\":\"EIDEL\"},{\"@type\":\"BreadcrumbList\",\"@id\":\"https:\/\/eidel.no\/en\/articles\/new-employees-summer-2022\/#breadcrumb\",\"itemListElement\":[{\"@type\":\"ListItem\",\"position\":1,\"name\":\"Home\",\"item\":\"https:\/\/eidel.no\/en\/\"},{\"@type\":\"ListItem\",\"position\":2,\"name\":\"News & Events\",\"item\":\"https:\/\/eidel.no\/en\/articles\/\"},{\"@type\":\"ListItem\",\"position\":3,\"name\":\"New employees, summer 2022\"}]},{\"@type\":\"WebSite\",\"@id\":\"https:\/\/eidel.no\/en\/#website\",\"url\":\"https:\/\/eidel.no\/en\/\",\"name\":\"Eidel - Engelsk\",\"description\":\"Bare enda et Eidel - Landing-nettsted\",\"potentialAction\":[{\"@type\":\"SearchAction\",\"target\":{\"@type\":\"EntryPoint\",\"urlTemplate\":\"https:\/\/eidel.no\/en\/?s={search_term_string}\"},\"query-input\":{\"@type\":\"PropertyValueSpecification\",\"valueRequired\":true,\"valueName\":\"search_term_string\"}}],\"inLanguage\":\"en-US\"}]}<\/script>\n<!-- \/ Yoast SEO plugin. -->","yoast_head_json":{"title":"New employees, summer 2022 - Eidel - Engelsk","robots":{"index":"index","follow":"follow","max-snippet":"max-snippet:-1","max-image-preview":"max-image-preview:large","max-video-preview":"max-video-preview:-1"},"canonical":"https:\/\/eidel.no\/en\/articles\/new-employees-summer-2022\/","og_locale":"en_US","og_type":"article","og_title":"New employees, summer 2022 - Eidel - Engelsk","og_description":"This summer, EIDEL got four new employees! Karen Dukene started at EIDEL in May as purchasing and production manager. Karen comes from Norwegian Special Mission where she has worked in production and has more than 10 years experience from aviation industry.&nbsp; Yngve Lien started at EIDEL as System Architect in August. He has 20 years&#8217; [&hellip;]","og_url":"https:\/\/eidel.no\/en\/articles\/new-employees-summer-2022\/","og_site_name":"Eidel - Engelsk","article_modified_time":"2022-08-25T18:16:15+00:00","og_image":[{"width":2500,"height":1563,"url":"https:\/\/eidel.no\/en\/wp-content\/uploads\/sites\/2\/2021\/06\/207402-Eidel-skjerm-edited.jpg","type":"image\/jpeg"}],"twitter_card":"summary_large_image","twitter_misc":{"Est. reading time":"1 minute"},"schema":{"@context":"https:\/\/schema.org","@graph":[{"@type":"WebPage","@id":"https:\/\/eidel.no\/en\/articles\/new-employees-summer-2022\/","url":"https:\/\/eidel.no\/en\/articles\/new-employees-summer-2022\/","name":"New employees, summer 2022 - Eidel - Engelsk","isPartOf":{"@id":"https:\/\/eidel.no\/en\/#website"},"primaryImageOfPage":{"@id":"https:\/\/eidel.no\/en\/articles\/new-employees-summer-2022\/#primaryimage"},"image":{"@id":"https:\/\/eidel.no\/en\/articles\/new-employees-summer-2022\/#primaryimage"},"thumbnailUrl":"https:\/\/eidel.no\/en\/wp-content\/uploads\/sites\/2\/2021\/06\/207402-Eidel-skjerm-edited.jpg","datePublished":"2022-08-25T12:29:46+00:00","dateModified":"2022-08-25T18:16:15+00:00","breadcrumb":{"@id":"https:\/\/eidel.no\/en\/articles\/new-employees-summer-2022\/#breadcrumb"},"inLanguage":"en-US","potentialAction":[{"@type":"ReadAction","target":["https:\/\/eidel.no\/en\/articles\/new-employees-summer-2022\/"]}]},{"@type":"ImageObject","inLanguage":"en-US","@id":"https:\/\/eidel.no\/en\/articles\/new-employees-summer-2022\/#primaryimage","url":"https:\/\/eidel.no\/en\/wp-content\/uploads\/sites\/2\/2021\/06\/207402-Eidel-skjerm-edited.jpg","contentUrl":"https:\/\/eidel.no\/en\/wp-content\/uploads\/sites\/2\/2021\/06\/207402-Eidel-skjerm-edited.jpg","width":2500,"height":1563,"caption":"EIDEL"},{"@type":"BreadcrumbList","@id":"https:\/\/eidel.no\/en\/articles\/new-employees-summer-2022\/#breadcrumb","itemListElement":[{"@type":"ListItem","position":1,"name":"Home","item":"https:\/\/eidel.no\/en\/"},{"@type":"ListItem","position":2,"name":"News & Events","item":"https:\/\/eidel.no\/en\/articles\/"},{"@type":"ListItem","position":3,"name":"New employees, summer 2022"}]},{"@type":"WebSite","@id":"https:\/\/eidel.no\/en\/#website","url":"https:\/\/eidel.no\/en\/","name":"Eidel - Engelsk","description":"Bare enda et Eidel - Landing-nettsted","potentialAction":[{"@type":"SearchAction","target":{"@type":"EntryPoint","urlTemplate":"https:\/\/eidel.no\/en\/?s={search_term_string}"},"query-input":{"@type":"PropertyValueSpecification","valueRequired":true,"valueName":"search_term_string"}}],"inLanguage":"en-US"}]}},"_links":{"self":[{"href":"https:\/\/eidel.no\/en\/wp-json\/wp\/v2\/article\/1056","targetHints":{"allow":["GET"]}}],"collection":[{"href":"https:\/\/eidel.no\/en\/wp-json\/wp\/v2\/article"}],"about":[{"href":"https:\/\/eidel.no\/en\/wp-json\/wp\/v2\/types\/article"}],"author":[{"embeddable":true,"href":"https:\/\/eidel.no\/en\/wp-json\/wp\/v2\/users\/6"}],"replies":[{"embeddable":true,"href":"https:\/\/eidel.no\/en\/wp-json\/wp\/v2\/comments?post=1056"}],"version-history":[{"count":0,"href":"https:\/\/eidel.no\/en\/wp-json\/wp\/v2\/article\/1056\/revisions"}],"wp:featuredmedia":[{"embeddable":true,"href":"https:\/\/eidel.no\/en\/wp-json\/wp\/v2\/media\/654"}],"wp:attachment":[{"href":"https:\/\/eidel.no\/en\/wp-json\/wp\/v2\/media?parent=1056"}],"curies":[{"name":"wp","href":"https:\/\/api.w.org\/{rel}","templated":true}]}}